
{"id":5060,"date":"2024-03-28T22:04:18","date_gmt":"2024-03-28T21:04:18","guid":{"rendered":"https:\/\/przedszkole28.edu.wroclaw.pl\/?p=5060"},"modified":"2024-03-28T22:04:18","modified_gmt":"2024-03-28T21:04:18","slug":"swiatowy-dzien-wody","status":"publish","type":"post","link":"https:\/\/przedszkole28.edu.wroclaw.pl\/index.php\/swiatowy-dzien-wody\/2024\/03\/28\/annsaw1503\/","title":{"rendered":"\u015awiatowy Dzie\u0144 Wody"},"content":{"rendered":"<p style=\"text-align: center\">22 marca w przedszkolu obchodzili\u015bmy Dzie\u0144 Wody. Przedszkolaki ubrane na niebiesko odkrywa\u0142y tajemnice wody i jej\u00a0znaczenia dla \u017cycia ludzi, zwierz\u0105t i ro\u015blin. Poprzez r\u00f3\u017cnorodne dzia\u0142ania dzieci dowiedzia\u0142y si\u0119 wielu informacji\u00a0i ciekawostek o wodzie. Pozna\u0142y r\u00f3\u017cne sposoby wykorzystania wody\u00a0i dowiedzia\u0142y si\u0119, w jaki spos\u00f3b, podczas codziennych czynno\u015bci, oszcz\u0119dza\u0107 wod\u0119. \u00a0Wieloma zmys\u0142ami do\u015bwiadcza\u0142y kontaktu z wod\u0105\u00a0i eksperymentowa\u0142y z ni\u0105. Bada\u0142y i poznawa\u0142y jej r\u00f3\u017cne w\u0142a\u015bciwo\u015bci: smak, zapach, kolor. Ponadto rozwi\u0105zywali\u015bmy zagadki, rozpoznawali\u015bmy odg\u0142osy deszczu, strumyka, burzy, morza\u2026Du\u017co frajdy sprawi\u0142y przedszkolakom \u0107wiczenia oddechowe \u201eburza w szklance wody\u201d, podczas kt\u00f3rych musia\u0142y wprawi\u0107 wod\u0119 w ruch za pomoc\u0105 s\u0142omek oraz puszczanie \u0142\u00f3dek na wodzie czy \u0142owienie ryb.<\/p>\n<p>\u015awiatowy Dzie\u0144 Wody by\u0142 okazj\u0105, by u\u015bwiadomi\u0107 dzieciom, \u017ce woda daje cz\u0142owiekowi nie tylko zdrowie, \u017cycie i och\u0142od\u0119, ale te\u017c du\u017co rado\u015bci.<\/p>\n<p>&nbsp;<\/p>\n<div id='pe-gallery-1' class='pe-gallery pe-gallery-5060 columns-4 img-size-medium'><div class='pe-row'><div class='col-md-3'><figure tabindex='0' class='pe-gallery-item pe-gallery-modal' data-mfp-src='#modal-gallery-1-5064'><div class='pe-gallery-image landscape'>\r\n\t\t\t\t\t\t\t<img loading=\"lazy\" decoding=\"async\" width=\"300\" height=\"135\" src=\"https:\/\/przedszkole28.edu.wroclaw.pl\/wp-content\/uploads\/sites\/60\/2024\/03\/IMG_20240322_110526-300x135.jpg\" class=\"attachment-medium size-medium\" alt=\"\" data-no-retina=\"\" srcset=\"https:\/\/przedszkole28.edu.wroclaw.pl\/wp-content\/uploads\/sites\/60\/2024\/03\/IMG_20240322_110526-300x135.jpg 300w, https:\/\/przedszkole28.edu.wroclaw.pl\/wp-content\/uploads\/sites\/60\/2024\/03\/IMG_20240322_110526-1024x461.jpg 1024w, https:\/\/przedszkole28.edu.wroclaw.pl\/wp-content\/uploads\/sites\/60\/2024\/03\/IMG_20240322_110526-768x346.jpg 768w, https:\/\/przedszkole28.edu.wroclaw.pl\/wp-content\/uploads\/sites\/60\/2024\/03\/IMG_20240322_110526-1536x691.jpg 1536w, https:\/\/przedszkole28.edu.wroclaw.pl\/wp-content\/uploads\/sites\/60\/2024\/03\/IMG_20240322_110526-2048x922.jpg 2048w\" sizes=\"auto, (max-width: 300px) 100vw, 300px\" \/>\r\n\t\t\t\t\t\t<\/div><\/figure><div id='modal-gallery-1-5064' class='mfp-modal-content mfp-hide' tabindex='-1' role='dialog' aria-labelledby='gallery-1-5064' style='max-width: 2560px;><h4 id='gallery-1-5064'>IMG_20240322_110526<\/h4><div class='pe-gallery-full-image'><img loading=\"lazy\" decoding=\"async\" width=\"2560\" height=\"1152\" src=\"https:\/\/przedszkole28.edu.wroclaw.pl\/wp-content\/uploads\/sites\/60\/2024\/03\/IMG_20240322_110526-scaled.jpg\" class=\"attachment-full size-full\" alt=\"\" data-no-retina=\"\" srcset=\"https:\/\/przedszkole28.edu.wroclaw.pl\/wp-content\/uploads\/sites\/60\/2024\/03\/IMG_20240322_110526-scaled.jpg 2560w, https:\/\/przedszkole28.edu.wroclaw.pl\/wp-content\/uploads\/sites\/60\/2024\/03\/IMG_20240322_110526-300x135.jpg 300w, https:\/\/przedszkole28.edu.wroclaw.pl\/wp-content\/uploads\/sites\/60\/2024\/03\/IMG_20240322_110526-1024x461.jpg 1024w, https:\/\/przedszkole28.edu.wroclaw.pl\/wp-content\/uploads\/sites\/60\/2024\/03\/IMG_20240322_110526-768x346.jpg 768w, https:\/\/przedszkole28.edu.wroclaw.pl\/wp-content\/uploads\/sites\/60\/2024\/03\/IMG_20240322_110526-1536x691.jpg 1536w, https:\/\/przedszkole28.edu.wroclaw.pl\/wp-content\/uploads\/sites\/60\/2024\/03\/IMG_20240322_110526-2048x922.jpg 2048w\" sizes=\"auto, (max-width: 2560px) 100vw, 2560px\" \/><\/div><p><\/p><\/div><\/div><div class='col-md-3'><figure tabindex='0' class='pe-gallery-item pe-gallery-modal' data-mfp-src='#modal-gallery-1-5061'><div class='pe-gallery-image landscape'>\r\n\t\t\t\t\t\t\t<img loading=\"lazy\" decoding=\"async\" width=\"300\" height=\"135\" src=\"https:\/\/przedszkole28.edu.wroclaw.pl\/wp-content\/uploads\/sites\/60\/2024\/03\/IMG_20240322_104356-300x135.jpg\" class=\"attachment-medium size-medium\" alt=\"\" data-no-retina=\"\" srcset=\"https:\/\/przedszkole28.edu.wroclaw.pl\/wp-content\/uploads\/sites\/60\/2024\/03\/IMG_20240322_104356-300x135.jpg 300w, https:\/\/przedszkole28.edu.wroclaw.pl\/wp-content\/uploads\/sites\/60\/2024\/03\/IMG_20240322_104356-1024x461.jpg 1024w, https:\/\/przedszkole28.edu.wroclaw.pl\/wp-content\/uploads\/sites\/60\/2024\/03\/IMG_20240322_104356-768x346.jpg 768w, https:\/\/przedszkole28.edu.wroclaw.pl\/wp-content\/uploads\/sites\/60\/2024\/03\/IMG_20240322_104356-1536x691.jpg 1536w, https:\/\/przedszkole28.edu.wroclaw.pl\/wp-content\/uploads\/sites\/60\/2024\/03\/IMG_20240322_104356-2048x922.jpg 2048w\" sizes=\"auto, (max-width: 300px) 100vw, 300px\" \/>\r\n\t\t\t\t\t\t<\/div><\/figure><div id='modal-gallery-1-5061' class='mfp-modal-content mfp-hide' tabindex='-1' role='dialog' aria-labelledby='gallery-1-5061' style='max-width: 2560px;><h4 id='gallery-1-5061'>IMG_20240322_104356<\/h4><div class='pe-gallery-full-image'><img loading=\"lazy\" decoding=\"async\" width=\"2560\" height=\"1152\" src=\"https:\/\/przedszkole28.edu.wroclaw.pl\/wp-content\/uploads\/sites\/60\/2024\/03\/IMG_20240322_104356-scaled.jpg\" class=\"attachment-full size-full\" alt=\"\" data-no-retina=\"\" srcset=\"https:\/\/przedszkole28.edu.wroclaw.pl\/wp-content\/uploads\/sites\/60\/2024\/03\/IMG_20240322_104356-scaled.jpg 2560w, https:\/\/przedszkole28.edu.wroclaw.pl\/wp-content\/uploads\/sites\/60\/2024\/03\/IMG_20240322_104356-300x135.jpg 300w, https:\/\/przedszkole28.edu.wroclaw.pl\/wp-content\/uploads\/sites\/60\/2024\/03\/IMG_20240322_104356-1024x461.jpg 1024w, https:\/\/przedszkole28.edu.wroclaw.pl\/wp-content\/uploads\/sites\/60\/2024\/03\/IMG_20240322_104356-768x346.jpg 768w, https:\/\/przedszkole28.edu.wroclaw.pl\/wp-content\/uploads\/sites\/60\/2024\/03\/IMG_20240322_104356-1536x691.jpg 1536w, https:\/\/przedszkole28.edu.wroclaw.pl\/wp-content\/uploads\/sites\/60\/2024\/03\/IMG_20240322_104356-2048x922.jpg 2048w\" sizes=\"auto, (max-width: 2560px) 100vw, 2560px\" \/><\/div><p><\/p><\/div><\/div><div class='col-md-3'><figure tabindex='0' class='pe-gallery-item pe-gallery-modal' data-mfp-src='#modal-gallery-1-5065'><div class='pe-gallery-image landscape'>\r\n\t\t\t\t\t\t\t<img loading=\"lazy\" decoding=\"async\" width=\"300\" height=\"226\" src=\"https:\/\/przedszkole28.edu.wroclaw.pl\/wp-content\/uploads\/sites\/60\/2024\/03\/IMG-20240322-WA0050-300x226.jpg\" class=\"attachment-medium size-medium\" alt=\"\" data-no-retina=\"\" srcset=\"https:\/\/przedszkole28.edu.wroclaw.pl\/wp-content\/uploads\/sites\/60\/2024\/03\/IMG-20240322-WA0050-300x226.jpg 300w, https:\/\/przedszkole28.edu.wroclaw.pl\/wp-content\/uploads\/sites\/60\/2024\/03\/IMG-20240322-WA0050-1024x770.jpg 1024w, https:\/\/przedszkole28.edu.wroclaw.pl\/wp-content\/uploads\/sites\/60\/2024\/03\/IMG-20240322-WA0050-768x578.jpg 768w, https:\/\/przedszkole28.edu.wroclaw.pl\/wp-content\/uploads\/sites\/60\/2024\/03\/IMG-20240322-WA0050-1536x1155.jpg 1536w, https:\/\/przedszkole28.edu.wroclaw.pl\/wp-content\/uploads\/sites\/60\/2024\/03\/IMG-20240322-WA0050.jpg 2000w\" sizes=\"auto, (max-width: 300px) 100vw, 300px\" \/>\r\n\t\t\t\t\t\t<\/div><\/figure><div id='modal-gallery-1-5065' class='mfp-modal-content mfp-hide' tabindex='-1' role='dialog' aria-labelledby='gallery-1-5065' style='max-width: 2000px;><h4 id='gallery-1-5065'>IMG-20240322-WA0050<\/h4><div class='pe-gallery-full-image'><img loading=\"lazy\" decoding=\"async\" width=\"2000\" height=\"1504\" src=\"https:\/\/przedszkole28.edu.wroclaw.pl\/wp-content\/uploads\/sites\/60\/2024\/03\/IMG-20240322-WA0050.jpg\" class=\"attachment-full size-full\" alt=\"\" data-no-retina=\"\" srcset=\"https:\/\/przedszkole28.edu.wroclaw.pl\/wp-content\/uploads\/sites\/60\/2024\/03\/IMG-20240322-WA0050.jpg 2000w, https:\/\/przedszkole28.edu.wroclaw.pl\/wp-content\/uploads\/sites\/60\/2024\/03\/IMG-20240322-WA0050-300x226.jpg 300w, https:\/\/przedszkole28.edu.wroclaw.pl\/wp-content\/uploads\/sites\/60\/2024\/03\/IMG-20240322-WA0050-1024x770.jpg 1024w, https:\/\/przedszkole28.edu.wroclaw.pl\/wp-content\/uploads\/sites\/60\/2024\/03\/IMG-20240322-WA0050-768x578.jpg 768w, https:\/\/przedszkole28.edu.wroclaw.pl\/wp-content\/uploads\/sites\/60\/2024\/03\/IMG-20240322-WA0050-1536x1155.jpg 1536w\" sizes=\"auto, (max-width: 2000px) 100vw, 2000px\" \/><\/div><p><\/p><\/div><\/div><div class='col-md-3'><figure tabindex='0' class='pe-gallery-item pe-gallery-modal' data-mfp-src='#modal-gallery-1-5066'><div class='pe-gallery-image landscape'>\r\n\t\t\t\t\t\t\t<img loading=\"lazy\" decoding=\"async\" width=\"300\" height=\"226\" src=\"https:\/\/przedszkole28.edu.wroclaw.pl\/wp-content\/uploads\/sites\/60\/2024\/03\/IMG-20240322-WA0052-300x226.jpg\" class=\"attachment-medium size-medium\" alt=\"\" data-no-retina=\"\" srcset=\"https:\/\/przedszkole28.edu.wroclaw.pl\/wp-content\/uploads\/sites\/60\/2024\/03\/IMG-20240322-WA0052-300x226.jpg 300w, https:\/\/przedszkole28.edu.wroclaw.pl\/wp-content\/uploads\/sites\/60\/2024\/03\/IMG-20240322-WA0052-1024x770.jpg 1024w, https:\/\/przedszkole28.edu.wroclaw.pl\/wp-content\/uploads\/sites\/60\/2024\/03\/IMG-20240322-WA0052-768x578.jpg 768w, https:\/\/przedszkole28.edu.wroclaw.pl\/wp-content\/uploads\/sites\/60\/2024\/03\/IMG-20240322-WA0052-1536x1155.jpg 1536w, https:\/\/przedszkole28.edu.wroclaw.pl\/wp-content\/uploads\/sites\/60\/2024\/03\/IMG-20240322-WA0052.jpg 2000w\" sizes=\"auto, (max-width: 300px) 100vw, 300px\" \/>\r\n\t\t\t\t\t\t<\/div><\/figure><div id='modal-gallery-1-5066' class='mfp-modal-content mfp-hide' tabindex='-1' role='dialog' aria-labelledby='gallery-1-5066' style='max-width: 2000px;><h4 id='gallery-1-5066'>IMG-20240322-WA0052<\/h4><div class='pe-gallery-full-image'><img loading=\"lazy\" decoding=\"async\" width=\"2000\" height=\"1504\" src=\"https:\/\/przedszkole28.edu.wroclaw.pl\/wp-content\/uploads\/sites\/60\/2024\/03\/IMG-20240322-WA0052.jpg\" class=\"attachment-full size-full\" alt=\"\" data-no-retina=\"\" srcset=\"https:\/\/przedszkole28.edu.wroclaw.pl\/wp-content\/uploads\/sites\/60\/2024\/03\/IMG-20240322-WA0052.jpg 2000w, https:\/\/przedszkole28.edu.wroclaw.pl\/wp-content\/uploads\/sites\/60\/2024\/03\/IMG-20240322-WA0052-300x226.jpg 300w, https:\/\/przedszkole28.edu.wroclaw.pl\/wp-content\/uploads\/sites\/60\/2024\/03\/IMG-20240322-WA0052-1024x770.jpg 1024w, https:\/\/przedszkole28.edu.wroclaw.pl\/wp-content\/uploads\/sites\/60\/2024\/03\/IMG-20240322-WA0052-768x578.jpg 768w, https:\/\/przedszkole28.edu.wroclaw.pl\/wp-content\/uploads\/sites\/60\/2024\/03\/IMG-20240322-WA0052-1536x1155.jpg 1536w\" sizes=\"auto, (max-width: 2000px) 100vw, 2000px\" \/><\/div><p><\/p><\/div><\/div><div class='col-md-3'><figure tabindex='0' class='pe-gallery-item pe-gallery-modal' data-mfp-src='#modal-gallery-1-5062'><div class='pe-gallery-image portrait'>\r\n\t\t\t\t\t\t\t<img loading=\"lazy\" decoding=\"async\" width=\"135\" height=\"300\" src=\"https:\/\/przedszkole28.edu.wroclaw.pl\/wp-content\/uploads\/sites\/60\/2024\/03\/IMG_20240322_105325-135x300.jpg\" class=\"attachment-medium size-medium\" alt=\"\" data-no-retina=\"\" srcset=\"https:\/\/przedszkole28.edu.wroclaw.pl\/wp-content\/uploads\/sites\/60\/2024\/03\/IMG_20240322_105325-135x300.jpg 135w, https:\/\/przedszkole28.edu.wroclaw.pl\/wp-content\/uploads\/sites\/60\/2024\/03\/IMG_20240322_105325-461x1024.jpg 461w, https:\/\/przedszkole28.edu.wroclaw.pl\/wp-content\/uploads\/sites\/60\/2024\/03\/IMG_20240322_105325-768x1707.jpg 768w, https:\/\/przedszkole28.edu.wroclaw.pl\/wp-content\/uploads\/sites\/60\/2024\/03\/IMG_20240322_105325-691x1536.jpg 691w, https:\/\/przedszkole28.edu.wroclaw.pl\/wp-content\/uploads\/sites\/60\/2024\/03\/IMG_20240322_105325-922x2048.jpg 922w, https:\/\/przedszkole28.edu.wroclaw.pl\/wp-content\/uploads\/sites\/60\/2024\/03\/IMG_20240322_105325-scaled.jpg 1152w\" sizes=\"auto, (max-width: 135px) 100vw, 135px\" \/>\r\n\t\t\t\t\t\t<\/div><\/figure><div id='modal-gallery-1-5062' class='mfp-modal-content mfp-hide' tabindex='-1' role='dialog' aria-labelledby='gallery-1-5062' style='max-width: 1152px;><h4 id='gallery-1-5062'>IMG_20240322_105325<\/h4><div class='pe-gallery-full-image'><img loading=\"lazy\" decoding=\"async\" width=\"1152\" height=\"2560\" src=\"https:\/\/przedszkole28.edu.wroclaw.pl\/wp-content\/uploads\/sites\/60\/2024\/03\/IMG_20240322_105325-scaled.jpg\" class=\"attachment-full size-full\" alt=\"\" data-no-retina=\"\" srcset=\"https:\/\/przedszkole28.edu.wroclaw.pl\/wp-content\/uploads\/sites\/60\/2024\/03\/IMG_20240322_105325-scaled.jpg 1152w, https:\/\/przedszkole28.edu.wroclaw.pl\/wp-content\/uploads\/sites\/60\/2024\/03\/IMG_20240322_105325-135x300.jpg 135w, https:\/\/przedszkole28.edu.wroclaw.pl\/wp-content\/uploads\/sites\/60\/2024\/03\/IMG_20240322_105325-461x1024.jpg 461w, https:\/\/przedszkole28.edu.wroclaw.pl\/wp-content\/uploads\/sites\/60\/2024\/03\/IMG_20240322_105325-768x1707.jpg 768w, https:\/\/przedszkole28.edu.wroclaw.pl\/wp-content\/uploads\/sites\/60\/2024\/03\/IMG_20240322_105325-691x1536.jpg 691w, https:\/\/przedszkole28.edu.wroclaw.pl\/wp-content\/uploads\/sites\/60\/2024\/03\/IMG_20240322_105325-922x2048.jpg 922w\" sizes=\"auto, (max-width: 1152px) 100vw, 1152px\" \/><\/div><p><\/p><\/div><\/div><div class='col-md-3'><figure tabindex='0' class='pe-gallery-item pe-gallery-modal' data-mfp-src='#modal-gallery-1-5063'><div class='pe-gallery-image portrait'>\r\n\t\t\t\t\t\t\t<img loading=\"lazy\" decoding=\"async\" width=\"135\" height=\"300\" src=\"https:\/\/przedszkole28.edu.wroclaw.pl\/wp-content\/uploads\/sites\/60\/2024\/03\/IMG_20240322_110253-135x300.jpg\" class=\"attachment-medium size-medium\" alt=\"\" data-no-retina=\"\" srcset=\"https:\/\/przedszkole28.edu.wroclaw.pl\/wp-content\/uploads\/sites\/60\/2024\/03\/IMG_20240322_110253-135x300.jpg 135w, https:\/\/przedszkole28.edu.wroclaw.pl\/wp-content\/uploads\/sites\/60\/2024\/03\/IMG_20240322_110253-461x1024.jpg 461w, https:\/\/przedszkole28.edu.wroclaw.pl\/wp-content\/uploads\/sites\/60\/2024\/03\/IMG_20240322_110253-768x1707.jpg 768w, https:\/\/przedszkole28.edu.wroclaw.pl\/wp-content\/uploads\/sites\/60\/2024\/03\/IMG_20240322_110253-691x1536.jpg 691w, https:\/\/przedszkole28.edu.wroclaw.pl\/wp-content\/uploads\/sites\/60\/2024\/03\/IMG_20240322_110253-922x2048.jpg 922w, https:\/\/przedszkole28.edu.wroclaw.pl\/wp-content\/uploads\/sites\/60\/2024\/03\/IMG_20240322_110253-scaled.jpg 1152w\" sizes=\"auto, (max-width: 135px) 100vw, 135px\" \/>\r\n\t\t\t\t\t\t<\/div><\/figure><div id='modal-gallery-1-5063' class='mfp-modal-content mfp-hide' tabindex='-1' role='dialog' aria-labelledby='gallery-1-5063' style='max-width: 1152px;><h4 id='gallery-1-5063'>IMG_20240322_110253<\/h4><div class='pe-gallery-full-image'><img loading=\"lazy\" decoding=\"async\" width=\"1152\" height=\"2560\" src=\"https:\/\/przedszkole28.edu.wroclaw.pl\/wp-content\/uploads\/sites\/60\/2024\/03\/IMG_20240322_110253-scaled.jpg\" class=\"attachment-full size-full\" alt=\"\" data-no-retina=\"\" srcset=\"https:\/\/przedszkole28.edu.wroclaw.pl\/wp-content\/uploads\/sites\/60\/2024\/03\/IMG_20240322_110253-scaled.jpg 1152w, https:\/\/przedszkole28.edu.wroclaw.pl\/wp-content\/uploads\/sites\/60\/2024\/03\/IMG_20240322_110253-135x300.jpg 135w, https:\/\/przedszkole28.edu.wroclaw.pl\/wp-content\/uploads\/sites\/60\/2024\/03\/IMG_20240322_110253-461x1024.jpg 461w, https:\/\/przedszkole28.edu.wroclaw.pl\/wp-content\/uploads\/sites\/60\/2024\/03\/IMG_20240322_110253-768x1707.jpg 768w, https:\/\/przedszkole28.edu.wroclaw.pl\/wp-content\/uploads\/sites\/60\/2024\/03\/IMG_20240322_110253-691x1536.jpg 691w, https:\/\/przedszkole28.edu.wroclaw.pl\/wp-content\/uploads\/sites\/60\/2024\/03\/IMG_20240322_110253-922x2048.jpg 922w\" sizes=\"auto, (max-width: 1152px) 100vw, 1152px\" \/><\/div><p><\/p><\/div><\/div><div class='col-md-3'><figure tabindex='0' class='pe-gallery-item pe-gallery-modal' data-mfp-src='#modal-gallery-1-5067'><div class='pe-gallery-image portrait'>\r\n\t\t\t\t\t\t\t<img loading=\"lazy\" decoding=\"async\" width=\"135\" height=\"300\" src=\"https:\/\/przedszkole28.edu.wroclaw.pl\/wp-content\/uploads\/sites\/60\/2024\/03\/IMG_20240322_092058-135x300.jpg\" class=\"attachment-medium size-medium\" alt=\"\" data-no-retina=\"\" srcset=\"https:\/\/przedszkole28.edu.wroclaw.pl\/wp-content\/uploads\/sites\/60\/2024\/03\/IMG_20240322_092058-135x300.jpg 135w, https:\/\/przedszkole28.edu.wroclaw.pl\/wp-content\/uploads\/sites\/60\/2024\/03\/IMG_20240322_092058-461x1024.jpg 461w, https:\/\/przedszkole28.edu.wroclaw.pl\/wp-content\/uploads\/sites\/60\/2024\/03\/IMG_20240322_092058-768x1707.jpg 768w, https:\/\/przedszkole28.edu.wroclaw.pl\/wp-content\/uploads\/sites\/60\/2024\/03\/IMG_20240322_092058-691x1536.jpg 691w, https:\/\/przedszkole28.edu.wroclaw.pl\/wp-content\/uploads\/sites\/60\/2024\/03\/IMG_20240322_092058-922x2048.jpg 922w, https:\/\/przedszkole28.edu.wroclaw.pl\/wp-content\/uploads\/sites\/60\/2024\/03\/IMG_20240322_092058-scaled.jpg 1152w\" sizes=\"auto, (max-width: 135px) 100vw, 135px\" \/>\r\n\t\t\t\t\t\t<\/div><\/figure><div id='modal-gallery-1-5067' class='mfp-modal-content mfp-hide' tabindex='-1' role='dialog' aria-labelledby='gallery-1-5067' style='max-width: 1152px;><h4 id='gallery-1-5067'>IMG_20240322_092058<\/h4><div class='pe-gallery-full-image'><img loading=\"lazy\" decoding=\"async\" width=\"1152\" height=\"2560\" src=\"https:\/\/przedszkole28.edu.wroclaw.pl\/wp-content\/uploads\/sites\/60\/2024\/03\/IMG_20240322_092058-scaled.jpg\" class=\"attachment-full size-full\" alt=\"\" data-no-retina=\"\" srcset=\"https:\/\/przedszkole28.edu.wroclaw.pl\/wp-content\/uploads\/sites\/60\/2024\/03\/IMG_20240322_092058-scaled.jpg 1152w, https:\/\/przedszkole28.edu.wroclaw.pl\/wp-content\/uploads\/sites\/60\/2024\/03\/IMG_20240322_092058-135x300.jpg 135w, https:\/\/przedszkole28.edu.wroclaw.pl\/wp-content\/uploads\/sites\/60\/2024\/03\/IMG_20240322_092058-461x1024.jpg 461w, https:\/\/przedszkole28.edu.wroclaw.pl\/wp-content\/uploads\/sites\/60\/2024\/03\/IMG_20240322_092058-768x1707.jpg 768w, https:\/\/przedszkole28.edu.wroclaw.pl\/wp-content\/uploads\/sites\/60\/2024\/03\/IMG_20240322_092058-691x1536.jpg 691w, https:\/\/przedszkole28.edu.wroclaw.pl\/wp-content\/uploads\/sites\/60\/2024\/03\/IMG_20240322_092058-922x2048.jpg 922w\" sizes=\"auto, (max-width: 1152px) 100vw, 1152px\" \/><\/div><p><\/p><\/div><\/div><div class='col-md-3'><figure tabindex='0' class='pe-gallery-item pe-gallery-modal' data-mfp-src='#modal-gallery-1-5068'><div class='pe-gallery-image portrait'>\r\n\t\t\t\t\t\t\t<img loading=\"lazy\" decoding=\"async\" width=\"135\" height=\"300\" src=\"https:\/\/przedszkole28.edu.wroclaw.pl\/wp-content\/uploads\/sites\/60\/2024\/03\/IMG_20240322_092512-135x300.jpg\" class=\"attachment-medium size-medium\" alt=\"\" data-no-retina=\"\" srcset=\"https:\/\/przedszkole28.edu.wroclaw.pl\/wp-content\/uploads\/sites\/60\/2024\/03\/IMG_20240322_092512-135x300.jpg 135w, https:\/\/przedszkole28.edu.wroclaw.pl\/wp-content\/uploads\/sites\/60\/2024\/03\/IMG_20240322_092512-461x1024.jpg 461w, https:\/\/przedszkole28.edu.wroclaw.pl\/wp-content\/uploads\/sites\/60\/2024\/03\/IMG_20240322_092512-768x1707.jpg 768w, https:\/\/przedszkole28.edu.wroclaw.pl\/wp-content\/uploads\/sites\/60\/2024\/03\/IMG_20240322_092512-691x1536.jpg 691w, https:\/\/przedszkole28.edu.wroclaw.pl\/wp-content\/uploads\/sites\/60\/2024\/03\/IMG_20240322_092512-922x2048.jpg 922w, https:\/\/przedszkole28.edu.wroclaw.pl\/wp-content\/uploads\/sites\/60\/2024\/03\/IMG_20240322_092512-scaled.jpg 1152w\" sizes=\"auto, (max-width: 135px) 100vw, 135px\" \/>\r\n\t\t\t\t\t\t<\/div><\/figure><div id='modal-gallery-1-5068' class='mfp-modal-content mfp-hide' tabindex='-1' role='dialog' aria-labelledby='gallery-1-5068' style='max-width: 1152px;><h4 id='gallery-1-5068'>IMG_20240322_092512<\/h4><div class='pe-gallery-full-image'><img loading=\"lazy\" decoding=\"async\" width=\"1152\" height=\"2560\" src=\"https:\/\/przedszkole28.edu.wroclaw.pl\/wp-content\/uploads\/sites\/60\/2024\/03\/IMG_20240322_092512-scaled.jpg\" class=\"attachment-full size-full\" alt=\"\" data-no-retina=\"\" srcset=\"https:\/\/przedszkole28.edu.wroclaw.pl\/wp-content\/uploads\/sites\/60\/2024\/03\/IMG_20240322_092512-scaled.jpg 1152w, https:\/\/przedszkole28.edu.wroclaw.pl\/wp-content\/uploads\/sites\/60\/2024\/03\/IMG_20240322_092512-135x300.jpg 135w, https:\/\/przedszkole28.edu.wroclaw.pl\/wp-content\/uploads\/sites\/60\/2024\/03\/IMG_20240322_092512-461x1024.jpg 461w, https:\/\/przedszkole28.edu.wroclaw.pl\/wp-content\/uploads\/sites\/60\/2024\/03\/IMG_20240322_092512-768x1707.jpg 768w, https:\/\/przedszkole28.edu.wroclaw.pl\/wp-content\/uploads\/sites\/60\/2024\/03\/IMG_20240322_092512-691x1536.jpg 691w, https:\/\/przedszkole28.edu.wroclaw.pl\/wp-content\/uploads\/sites\/60\/2024\/03\/IMG_20240322_092512-922x2048.jpg 922w\" sizes=\"auto, (max-width: 1152px) 100vw, 1152px\" \/><\/div><p><\/p><\/div><\/div><div class='col-md-3'><figure tabindex='0' class='pe-gallery-item pe-gallery-modal' data-mfp-src='#modal-gallery-1-5069'><div class='pe-gallery-image portrait'>\r\n\t\t\t\t\t\t\t<img loading=\"lazy\" decoding=\"async\" width=\"225\" height=\"300\" src=\"https:\/\/przedszkole28.edu.wroclaw.pl\/wp-content\/uploads\/sites\/60\/2024\/03\/IMG_20240322_093622-225x300.jpg\" class=\"attachment-medium size-medium\" alt=\"\" data-no-retina=\"\" srcset=\"https:\/\/przedszkole28.edu.wroclaw.pl\/wp-content\/uploads\/sites\/60\/2024\/03\/IMG_20240322_093622-225x300.jpg 225w, https:\/\/przedszkole28.edu.wroclaw.pl\/wp-content\/uploads\/sites\/60\/2024\/03\/IMG_20240322_093622-768x1024.jpg 768w, https:\/\/przedszkole28.edu.wroclaw.pl\/wp-content\/uploads\/sites\/60\/2024\/03\/IMG_20240322_093622-1152x1536.jpg 1152w, https:\/\/przedszkole28.edu.wroclaw.pl\/wp-content\/uploads\/sites\/60\/2024\/03\/IMG_20240322_093622-1536x2048.jpg 1536w, https:\/\/przedszkole28.edu.wroclaw.pl\/wp-content\/uploads\/sites\/60\/2024\/03\/IMG_20240322_093622-scaled.jpg 1920w\" sizes=\"auto, (max-width: 225px) 100vw, 225px\" \/>\r\n\t\t\t\t\t\t<\/div><\/figure><div id='modal-gallery-1-5069' class='mfp-modal-content mfp-hide' tabindex='-1' role='dialog' aria-labelledby='gallery-1-5069' style='max-width: 1920px;><h4 id='gallery-1-5069'>IMG_20240322_093622<\/h4><div class='pe-gallery-full-image'><img loading=\"lazy\" decoding=\"async\" width=\"1920\" height=\"2560\" src=\"https:\/\/przedszkole28.edu.wroclaw.pl\/wp-content\/uploads\/sites\/60\/2024\/03\/IMG_20240322_093622-scaled.jpg\" class=\"attachment-full size-full\" alt=\"\" data-no-retina=\"\" srcset=\"https:\/\/przedszkole28.edu.wroclaw.pl\/wp-content\/uploads\/sites\/60\/2024\/03\/IMG_20240322_093622-scaled.jpg 1920w, https:\/\/przedszkole28.edu.wroclaw.pl\/wp-content\/uploads\/sites\/60\/2024\/03\/IMG_20240322_093622-225x300.jpg 225w, https:\/\/przedszkole28.edu.wroclaw.pl\/wp-content\/uploads\/sites\/60\/2024\/03\/IMG_20240322_093622-768x1024.jpg 768w, https:\/\/przedszkole28.edu.wroclaw.pl\/wp-content\/uploads\/sites\/60\/2024\/03\/IMG_20240322_093622-1152x1536.jpg 1152w, https:\/\/przedszkole28.edu.wroclaw.pl\/wp-content\/uploads\/sites\/60\/2024\/03\/IMG_20240322_093622-1536x2048.jpg 1536w\" sizes=\"auto, (max-width: 1920px) 100vw, 1920px\" \/><\/div><p><\/p><\/div><\/div><div class='col-md-3'><figure tabindex='0' class='pe-gallery-item pe-gallery-modal' data-mfp-src='#modal-gallery-1-5070'><div class='pe-gallery-image portrait'>\r\n\t\t\t\t\t\t\t<img loading=\"lazy\" decoding=\"async\" width=\"135\" height=\"300\" src=\"https:\/\/przedszkole28.edu.wroclaw.pl\/wp-content\/uploads\/sites\/60\/2024\/03\/IMG_20240322_103229-135x300.jpg\" class=\"attachment-medium size-medium\" alt=\"\" data-no-retina=\"\" srcset=\"https:\/\/przedszkole28.edu.wroclaw.pl\/wp-content\/uploads\/sites\/60\/2024\/03\/IMG_20240322_103229-135x300.jpg 135w, https:\/\/przedszkole28.edu.wroclaw.pl\/wp-content\/uploads\/sites\/60\/2024\/03\/IMG_20240322_103229-461x1024.jpg 461w, https:\/\/przedszkole28.edu.wroclaw.pl\/wp-content\/uploads\/sites\/60\/2024\/03\/IMG_20240322_103229-768x1707.jpg 768w, https:\/\/przedszkole28.edu.wroclaw.pl\/wp-content\/uploads\/sites\/60\/2024\/03\/IMG_20240322_103229-691x1536.jpg 691w, https:\/\/przedszkole28.edu.wroclaw.pl\/wp-content\/uploads\/sites\/60\/2024\/03\/IMG_20240322_103229-922x2048.jpg 922w, https:\/\/przedszkole28.edu.wroclaw.pl\/wp-content\/uploads\/sites\/60\/2024\/03\/IMG_20240322_103229-scaled.jpg 1152w\" sizes=\"auto, (max-width: 135px) 100vw, 135px\" \/>\r\n\t\t\t\t\t\t<\/div><\/figure><div id='modal-gallery-1-5070' class='mfp-modal-content mfp-hide' tabindex='-1' role='dialog' aria-labelledby='gallery-1-5070' style='max-width: 1152px;><h4 id='gallery-1-5070'>IMG_20240322_103229<\/h4><div class='pe-gallery-full-image'><img loading=\"lazy\" decoding=\"async\" width=\"1152\" height=\"2560\" src=\"https:\/\/przedszkole28.edu.wroclaw.pl\/wp-content\/uploads\/sites\/60\/2024\/03\/IMG_20240322_103229-scaled.jpg\" class=\"attachment-full size-full\" alt=\"\" data-no-retina=\"\" srcset=\"https:\/\/przedszkole28.edu.wroclaw.pl\/wp-content\/uploads\/sites\/60\/2024\/03\/IMG_20240322_103229-scaled.jpg 1152w, https:\/\/przedszkole28.edu.wroclaw.pl\/wp-content\/uploads\/sites\/60\/2024\/03\/IMG_20240322_103229-135x300.jpg 135w, https:\/\/przedszkole28.edu.wroclaw.pl\/wp-content\/uploads\/sites\/60\/2024\/03\/IMG_20240322_103229-461x1024.jpg 461w, https:\/\/przedszkole28.edu.wroclaw.pl\/wp-content\/uploads\/sites\/60\/2024\/03\/IMG_20240322_103229-768x1707.jpg 768w, https:\/\/przedszkole28.edu.wroclaw.pl\/wp-content\/uploads\/sites\/60\/2024\/03\/IMG_20240322_103229-691x1536.jpg 691w, https:\/\/przedszkole28.edu.wroclaw.pl\/wp-content\/uploads\/sites\/60\/2024\/03\/IMG_20240322_103229-922x2048.jpg 922w\" sizes=\"auto, (max-width: 1152px) 100vw, 1152px\" \/><\/div><p><\/p><\/div><\/div><div class='col-md-3'><figure tabindex='0' class='pe-gallery-item pe-gallery-modal' data-mfp-src='#modal-gallery-1-5071'><div class='pe-gallery-image portrait'>\r\n\t\t\t\t\t\t\t<img loading=\"lazy\" decoding=\"async\" width=\"135\" height=\"300\" src=\"https:\/\/przedszkole28.edu.wroclaw.pl\/wp-content\/uploads\/sites\/60\/2024\/03\/IMG_20240322_104000-135x300.jpg\" class=\"attachment-medium size-medium\" alt=\"\" data-no-retina=\"\" srcset=\"https:\/\/przedszkole28.edu.wroclaw.pl\/wp-content\/uploads\/sites\/60\/2024\/03\/IMG_20240322_104000-135x300.jpg 135w, https:\/\/przedszkole28.edu.wroclaw.pl\/wp-content\/uploads\/sites\/60\/2024\/03\/IMG_20240322_104000-461x1024.jpg 461w, https:\/\/przedszkole28.edu.wroclaw.pl\/wp-content\/uploads\/sites\/60\/2024\/03\/IMG_20240322_104000-768x1707.jpg 768w, https:\/\/przedszkole28.edu.wroclaw.pl\/wp-content\/uploads\/sites\/60\/2024\/03\/IMG_20240322_104000-691x1536.jpg 691w, https:\/\/przedszkole28.edu.wroclaw.pl\/wp-content\/uploads\/sites\/60\/2024\/03\/IMG_20240322_104000-922x2048.jpg 922w, https:\/\/przedszkole28.edu.wroclaw.pl\/wp-content\/uploads\/sites\/60\/2024\/03\/IMG_20240322_104000-scaled.jpg 1152w\" sizes=\"auto, (max-width: 135px) 100vw, 135px\" \/>\r\n\t\t\t\t\t\t<\/div><\/figure><div id='modal-gallery-1-5071' class='mfp-modal-content mfp-hide' tabindex='-1' role='dialog' aria-labelledby='gallery-1-5071' style='max-width: 1152px;><h4 id='gallery-1-5071'>IMG_20240322_104000<\/h4><div class='pe-gallery-full-image'><img loading=\"lazy\" decoding=\"async\" width=\"1152\" height=\"2560\" src=\"https:\/\/przedszkole28.edu.wroclaw.pl\/wp-content\/uploads\/sites\/60\/2024\/03\/IMG_20240322_104000-scaled.jpg\" class=\"attachment-full size-full\" alt=\"\" data-no-retina=\"\" srcset=\"https:\/\/przedszkole28.edu.wroclaw.pl\/wp-content\/uploads\/sites\/60\/2024\/03\/IMG_20240322_104000-scaled.jpg 1152w, https:\/\/przedszkole28.edu.wroclaw.pl\/wp-content\/uploads\/sites\/60\/2024\/03\/IMG_20240322_104000-135x300.jpg 135w, https:\/\/przedszkole28.edu.wroclaw.pl\/wp-content\/uploads\/sites\/60\/2024\/03\/IMG_20240322_104000-461x1024.jpg 461w, https:\/\/przedszkole28.edu.wroclaw.pl\/wp-content\/uploads\/sites\/60\/2024\/03\/IMG_20240322_104000-768x1707.jpg 768w, https:\/\/przedszkole28.edu.wroclaw.pl\/wp-content\/uploads\/sites\/60\/2024\/03\/IMG_20240322_104000-691x1536.jpg 691w, https:\/\/przedszkole28.edu.wroclaw.pl\/wp-content\/uploads\/sites\/60\/2024\/03\/IMG_20240322_104000-922x2048.jpg 922w\" sizes=\"auto, (max-width: 1152px) 100vw, 1152px\" \/><\/div><p><\/p><\/div><\/div><\/div><\/div>\n\n","protected":false},"excerpt":{"rendered":"<p>22 marca w przedszkolu obchodzili\u015bmy Dzie\u0144 Wody. Przedszkolaki ubrane na niebiesko odkrywa\u0142y tajemnice wody i jej\u00a0znaczenia dla \u017cycia ludzi, zwierz\u0105t i ro\u015blin. Poprzez r\u00f3\u017cnorodne dzia\u0142ania dzieci dowiedzia\u0142y si\u0119 wielu informacji\u00a0i [&hellip;]<\/p>\n","protected":false},"author":395,"featured_media":0,"comment_status":"closed","ping_status":"closed","sticky":false,"template":"","format":"standard","meta":{"footnotes":""},"categories":[1],"tags":[],"class_list":["post-5060","post","type-post","status-publish","format-standard","hentry","category-aktualnosci","clearfix"],"_links":{"self":[{"href":"https:\/\/przedszkole28.edu.wroclaw.pl\/index.php\/wp-json\/wp\/v2\/posts\/5060","targetHints":{"allow":["GET"]}}],"collection":[{"href":"https:\/\/przedszkole28.edu.wroclaw.pl\/index.php\/wp-json\/wp\/v2\/posts"}],"about":[{"href":"https:\/\/przedszkole28.edu.wroclaw.pl\/index.php\/wp-json\/wp\/v2\/types\/post"}],"author":[{"embeddable":true,"href":"https:\/\/przedszkole28.edu.wroclaw.pl\/index.php\/wp-json\/wp\/v2\/users\/395"}],"replies":[{"embeddable":true,"href":"https:\/\/przedszkole28.edu.wroclaw.pl\/index.php\/wp-json\/wp\/v2\/comments?post=5060"}],"version-history":[{"count":4,"href":"https:\/\/przedszkole28.edu.wroclaw.pl\/index.php\/wp-json\/wp\/v2\/posts\/5060\/revisions"}],"predecessor-version":[{"id":5075,"href":"https:\/\/przedszkole28.edu.wroclaw.pl\/index.php\/wp-json\/wp\/v2\/posts\/5060\/revisions\/5075"}],"wp:attachment":[{"href":"https:\/\/przedszkole28.edu.wroclaw.pl\/index.php\/wp-json\/wp\/v2\/media?parent=5060"}],"wp:term":[{"taxonomy":"category","embeddable":true,"href":"https:\/\/przedszkole28.edu.wroclaw.pl\/index.php\/wp-json\/wp\/v2\/categories?post=5060"},{"taxonomy":"post_tag","embeddable":true,"href":"https:\/\/przedszkole28.edu.wroclaw.pl\/index.php\/wp-json\/wp\/v2\/tags?post=5060"}],"curies":[{"name":"wp","href":"https:\/\/api.w.org\/{rel}","templated":true}]}}